{"id":338,"date":"2023-07-24T16:47:58","date_gmt":"2023-07-24T20:47:58","guid":{"rendered":"https:\/\/tempsdunepause.org\/?p=338"},"modified":"2024-01-11T17:16:05","modified_gmt":"2024-01-11T22:16:05","slug":"aphasie","status":"publish","type":"post","link":"https:\/\/tempsdunepause.org\/eng\/ressources\/aphasie\/","title":{"rendered":"Aphasie"},"content":{"rendered":"<section class=\"hero\">\n    <div class=\"wrapper section-hero\" id=\"contentPage\">\n        <div class=\"content\">\n            <span><span><a href=\"https:\/\/tempsdunepause.org\/eng\/\">Home<\/a><\/span><\/span>        \n            <h1 class=\"turquoise\">Aphasie<\/h1>\n\n            \n                                                \n                                                                                                                                                                                                                                                                                                                    <\/div>\n\n                    <img loading=\"lazy\" decoding=\"async\" width=\"1344\" height=\"896\" src=\"https:\/\/tempsdunepause.org\/wp-content\/uploads\/2024\/01\/DLL_6477.jpg\" class=\"attachment-post-thumbnail size-post-thumbnail wp-post-image\" alt=\"Lecture d&#039;une chanson de No\u00ebl s&#039;appellant \u00ab Valse de no\u00ebl \u00bb\" srcset=\"https:\/\/tempsdunepause.org\/wp-content\/uploads\/2024\/01\/DLL_6477.jpg 1344w, https:\/\/tempsdunepause.org\/wp-content\/uploads\/2024\/01\/DLL_6477-300x200.jpg 300w, https:\/\/tempsdunepause.org\/wp-content\/uploads\/2024\/01\/DLL_6477-1024x683.jpg 1024w, https:\/\/tempsdunepause.org\/wp-content\/uploads\/2024\/01\/DLL_6477-768x512.jpg 768w, https:\/\/tempsdunepause.org\/wp-content\/uploads\/2024\/01\/DLL_6477-18x12.jpg 18w\" sizes=\"auto, (max-width: 1344px) 100vw, 1344px\" \/>            <\/div>\n<\/section>\n\n\n<section class=\"wp-block-custom-section-custom section-block\" style=\"background-color:#00827a;color:#FFFEFC\" data-scrolly=\"opacity\"><div class=\"wrapper\">\n<h2 class=\"wp-block-heading\">Qu&rsquo;est-ce que l&rsquo;aphasie?<\/h2>\n\n\n\n<p>Il s\u2019agit d\u2019une <strong>perte partielle ou totale de la capacit\u00e9 \u00e0 communiquer verbalement<\/strong> (compr\u00e9hension et expression). Avec l\u2019\u00e9volution de la maladie, la personne atteinte voit appara\u00eetre des difficult\u00e9s de compr\u00e9hension et d\u2019expression par exemple quand elle doit \u00e9crire ou articuler des mots. En g\u00e9n\u00e9ral, on parle d\u2019alt\u00e9ration ou de perte du langage.<\/p>\n<\/div><\/section>\n\n\n\n<section class=\"wp-block-custom-section-custom section-block\" style=\"background-color:;color:\" data-scrolly=\"opacity\"><div class=\"wrapper\">\n<h2 class=\"wp-block-heading has-complementary-05-color has-text-color has-link-color wp-elements-476c7700e269d4965f172ba0ea5c2c11\">Concr\u00e8tement<\/h2>\n\n\n\n<div class=\"wp-block-columns is-layout-flex wp-container-core-columns-is-layout-9d6595d7 wp-block-columns-is-layout-flex\">\n<div class=\"wp-block-column is-layout-flow wp-block-column-is-layout-flow\" style=\"flex-basis:40%\">\n<h3 class=\"wp-block-heading has-complementary-05-color has-text-color has-link-color wp-elements-dcbf2c08ef7008785cf92d599faef2d0\">La personne peut avoir des difficult\u00e9s \u00e0 :<\/h3>\n\n\n\n<ul class=\"wp-block-list\">\n<li><strong>s\u2019exprimer<\/strong> : trouver les mots, parler, nommer, d\u00e9signer ;<\/li>\n\n\n\n<li><strong>comprendre<\/strong> : reconna\u00eetre les sonorit\u00e9s et les associer \u00e0 un sens ;<\/li>\n\n\n\n<li><strong>lire<\/strong> ou comprendre ce qu\u2019elle lit ;<\/li>\n\n\n\n<li><strong>\u00e9crire<\/strong> ou comprendre ce qu\u2019elle \u00e9crit.<\/li>\n<\/ul>\n<\/div>\n\n\n\n<div class=\"wp-block-column is-layout-flow wp-block-column-is-layout-flow\" style=\"flex-basis:60%\">\n<p>En r\u00e9ponse \u00e0 la diminution du vocabulaire, il est possible qu\u2019elle :<\/p>\n\n\n\n<ul class=\"wp-block-list\">\n<li>utilise des mauvais mots pour d\u00e9signer une chose,<\/li>\n\n\n\n<li>utilise des mots passe-partout pour cacher ses oublis<\/li>\n\n\n\n<li>utilise un son, un mot ou une phrase r\u00e9p\u00e9t\u00e9s sur plusieurs tons pour tout exprimer.<\/li>\n<\/ul>\n\n\n\n<p>Elle se retrouve progressivement dans l\u2019incapacit\u00e9 de parler ou de comprendre ce qui est dit.<\/p>\n\n\n\n<p>Les complications rencontr\u00e9es lors de la communication peuvent \u00eatre une source de frustrations et de vexations pour la personne car la volont\u00e9 de communiquer persiste mais le maniement du langage est perturb\u00e9. On remarque souvent une r\u00e9duction progressive des actes de parole qui isolent la personne et acc\u00e9l\u00e8rent consid\u00e9rablement la d\u00e9t\u00e9rioration de ses facult\u00e9s.<\/p>\n<\/div>\n<\/div>\n\n\n\n<hr class=\"wp-block-separator has-text-color has-complementary-05-color has-alpha-channel-opacity has-complementary-05-background-color has-background is-style-wide\"\/>\n\n\n\n<h2 class=\"wp-block-heading has-complementary-05-color has-text-color has-link-color wp-elements-1cef0a82539b86b21091a3a192275d6d\">Que faire?<\/h2>\n\n\n\n<div class=\"wp-block-columns is-layout-flex wp-container-core-columns-is-layout-9d6595d7 wp-block-columns-is-layout-flex\">\n<div class=\"wp-block-column is-layout-flow wp-block-column-is-layout-flow\" style=\"flex-basis:50%\">\n<ul class=\"wp-block-list\">\n<li>Privil\u00e9gier un langage simple, des phrases courtes.<\/li>\n\n\n\n<li>\u00c9viter les sujets complexes ou abstraits.<\/li>\n\n\n\n<li>Lors de troubles d\u2019expression importants, utiliser des questions \u00e0 choix ferm\u00e9s (oui\/non) ou \u00e0 choix de r\u00e9ponse.<\/li>\n\n\n\n<li>Parler lentement et donner \u00e0 la personne le temps de r\u00e9pondre.<\/li>\n\n\n\n<li>Utiliser des rep\u00e8res visuels et des gestes pour d\u00e9signer ce dont on parle.<\/li>\n\n\n\n<li>Accepter et accueillir les r\u00e9ponses inappropri\u00e9es ou les phrases qui paraissent vides de sens.<\/li>\n<\/ul>\n<\/div>\n\n\n\n<div class=\"wp-block-column is-layout-flow wp-block-column-is-layout-flow\" style=\"flex-basis:50%\">\n<ul class=\"wp-block-list\">\n<li>D\u00e9duire le message du contexte et de quelques mots compris.<\/li>\n\n\n\n<li>Montrer ce que l\u2019on a compris en reformulant, en faisant des propositions de message et en cherchant l\u2019approbation de l\u2019autre.<\/li>\n\n\n\n<li>D\u00e9coder et utiliser le langage non-verbal : regard, toucher, posture, gestes.<\/li>\n\n\n\n<li>Apprendre la langue de l\u2019autre.<\/li>\n\n\n\n<li>Encourager la personne \u00e0 parler, m\u00eame si l\u2019on ne sait pas de quoi afin de ne pas couper son envie de s\u2019exprimer.<\/li>\n<\/ul>\n<\/div>\n<\/div>\n\n\n\n<div style=\"height:30px\" aria-hidden=\"true\" class=\"wp-block-spacer\"><\/div>\n\n\n\n<div class=\"wp-block-columns is-layout-flex wp-container-core-columns-is-layout-9d6595d7 wp-block-columns-is-layout-flex\">\n<div class=\"wp-block-column is-layout-flow wp-block-column-is-layout-flow\" style=\"flex-basis:60%\">\n            <div class=\"colored image-left radius-left turquoise\">\n                <h2>Important<\/h2>\n<p>La personne peut d\u00e9velopper sa propre langue, son jargon qu\u2019il faut apprivoiser tranquillement. Car, m\u00eame si le message peut para\u00eetre difficile \u00e0 saisir, ce n\u2019est que la forme qui est incoh\u00e9rente, pas le message. La personne est en train de s\u2019exprimer, de dire quelque chose de son \u00e9tat, de ses envies et besoins. L\u2019entourage doit alors se mettre \u00e0 sa port\u00e9e, faire preuve d\u2019imagination pour comprendre les messages et utiliser des techniques de communication non verbales.<\/p>\n        <\/div>\n<\/div>\n\n\n\n<div class=\"wp-block-column is-vertically-aligned-center is-layout-flow wp-block-column-is-layout-flow\" style=\"flex-basis:40%\">\n<h2 class=\"wp-block-heading has-complementary-05-color has-text-color has-link-color wp-elements-83af918a4ab7d9ac812791532ede45a4\">T\u00e9l\u00e9charger la fiche pratique \u00ab Aphasie \u00bb<\/h2>\n\n\n\n<a class=\"btn turquoise btn-page btn-download\" \n            href=\"https:\/\/tempsdunepause.org\/wp-content\/uploads\/2024\/01\/104-Aphasie_LeTempsDunePause.pdf\" download target=\"_blank\">\n            \n    <svg class=\"icon\">\n        <use xlink:href=\"#icon-arrow\"><\/use>\n    <\/svg>\n\n    T\u00e9l\u00e9charger la fiche pratique<\/a><\/div>\n<\/div>\n<\/div><\/section>","protected":false},"excerpt":{"rendered":"","protected":false},"author":1,"featured_media":1276,"comment_status":"closed","ping_status":"closed","sticky":false,"template":"","format":"standard","meta":{"footnotes":""},"categories":[12,13],"tags":[],"class_list":["post-338","post","type-post","status-publish","format-standard","has-post-thumbnail","hentry","category-fiches-pratiques","category-maladie"],"acf":[],"yoast_head":"<!-- This site is optimized with the Yoast SEO plugin v27.4 - https:\/\/yoast.com\/product\/yoast-seo-wordpress\/ -->\n<title>Aphasie - Le Temps d&#039;une Pause<\/title>\n<meta name=\"robots\" content=\"index, follow, max-snippet:-1, max-image-preview:large, max-video-preview:-1\" \/>\n<link rel=\"canonical\" href=\"https:\/\/tempsdunepause.org\/eng\/ressources\/aphasie\/\" \/>\n<meta property=\"og:locale\" content=\"en_US\" \/>\n<meta property=\"og:type\" content=\"article\" \/>\n<meta property=\"og:title\" content=\"Aphasie - Le Temps d&#039;une Pause\" \/>\n<meta property=\"og:url\" content=\"https:\/\/tempsdunepause.org\/eng\/ressources\/aphasie\/\" \/>\n<meta property=\"og:site_name\" content=\"Le Temps d&#039;une Pause\" \/>\n<meta property=\"article:publisher\" content=\"https:\/\/www.facebook.com\/ltdporg\/\" \/>\n<meta property=\"article:published_time\" content=\"2023-07-24T20:47:58+00:00\" \/>\n<meta property=\"article:modified_time\" content=\"2024-01-11T22:16:05+00:00\" \/>\n<meta property=\"og:image\" content=\"https:\/\/tempsdunepause.org\/wp-content\/uploads\/2024\/01\/DLL_6477.jpg\" \/>\n\t<meta property=\"og:image:width\" content=\"1344\" \/>\n\t<meta property=\"og:image:height\" content=\"896\" \/>\n\t<meta property=\"og:image:type\" content=\"image\/jpeg\" \/>\n<meta name=\"author\" content=\"alanisbedard\" \/>\n<meta name=\"twitter:card\" content=\"summary_large_image\" \/>\n<meta name=\"twitter:label1\" content=\"Written by\" \/>\n\t<meta name=\"twitter:data1\" content=\"alanisbedard\" \/>\n\t<meta name=\"twitter:label2\" content=\"Est. reading time\" \/>\n\t<meta name=\"twitter:data2\" content=\"2 minutes\" \/>\n<script type=\"application\/ld+json\" class=\"yoast-schema-graph\">{\"@context\":\"https:\\\/\\\/schema.org\",\"@graph\":[{\"@type\":\"Article\",\"@id\":\"https:\\\/\\\/tempsdunepause.org\\\/ressources\\\/aphasie\\\/#article\",\"isPartOf\":{\"@id\":\"https:\\\/\\\/tempsdunepause.org\\\/ressources\\\/aphasie\\\/\"},\"author\":{\"name\":\"alanisbedard\",\"@id\":\"https:\\\/\\\/tempsdunepause.org\\\/#\\\/schema\\\/person\\\/f4579748feaaf1ad8a505199aa871161\"},\"headline\":\"Aphasie\",\"datePublished\":\"2023-07-24T20:47:58+00:00\",\"dateModified\":\"2024-01-11T22:16:05+00:00\",\"mainEntityOfPage\":{\"@id\":\"https:\\\/\\\/tempsdunepause.org\\\/ressources\\\/aphasie\\\/\"},\"wordCount\":394,\"publisher\":{\"@id\":\"https:\\\/\\\/tempsdunepause.org\\\/#organization\"},\"image\":{\"@id\":\"https:\\\/\\\/tempsdunepause.org\\\/ressources\\\/aphasie\\\/#primaryimage\"},\"thumbnailUrl\":\"https:\\\/\\\/tempsdunepause.org\\\/wp-content\\\/uploads\\\/2024\\\/01\\\/DLL_6477.jpg\",\"articleSection\":[\"Fiches Pratiques\",\"Maladie\"],\"inLanguage\":\"en-CA\"},{\"@type\":\"WebPage\",\"@id\":\"https:\\\/\\\/tempsdunepause.org\\\/ressources\\\/aphasie\\\/\",\"url\":\"https:\\\/\\\/tempsdunepause.org\\\/ressources\\\/aphasie\\\/\",\"name\":\"Aphasie - Le Temps d&#039;une Pause\",\"isPartOf\":{\"@id\":\"https:\\\/\\\/tempsdunepause.org\\\/#website\"},\"primaryImageOfPage\":{\"@id\":\"https:\\\/\\\/tempsdunepause.org\\\/ressources\\\/aphasie\\\/#primaryimage\"},\"image\":{\"@id\":\"https:\\\/\\\/tempsdunepause.org\\\/ressources\\\/aphasie\\\/#primaryimage\"},\"thumbnailUrl\":\"https:\\\/\\\/tempsdunepause.org\\\/wp-content\\\/uploads\\\/2024\\\/01\\\/DLL_6477.jpg\",\"datePublished\":\"2023-07-24T20:47:58+00:00\",\"dateModified\":\"2024-01-11T22:16:05+00:00\",\"breadcrumb\":{\"@id\":\"https:\\\/\\\/tempsdunepause.org\\\/ressources\\\/aphasie\\\/#breadcrumb\"},\"inLanguage\":\"en-CA\",\"potentialAction\":[{\"@type\":\"ReadAction\",\"target\":[\"https:\\\/\\\/tempsdunepause.org\\\/ressources\\\/aphasie\\\/\"]}]},{\"@type\":\"ImageObject\",\"inLanguage\":\"en-CA\",\"@id\":\"https:\\\/\\\/tempsdunepause.org\\\/ressources\\\/aphasie\\\/#primaryimage\",\"url\":\"https:\\\/\\\/tempsdunepause.org\\\/wp-content\\\/uploads\\\/2024\\\/01\\\/DLL_6477.jpg\",\"contentUrl\":\"https:\\\/\\\/tempsdunepause.org\\\/wp-content\\\/uploads\\\/2024\\\/01\\\/DLL_6477.jpg\",\"width\":1344,\"height\":896,\"caption\":\"Lecture d'une chanson de No\u00ebl s'appellant \u00ab Valse de no\u00ebl \u00bb\"},{\"@type\":\"BreadcrumbList\",\"@id\":\"https:\\\/\\\/tempsdunepause.org\\\/ressources\\\/aphasie\\\/#breadcrumb\",\"itemListElement\":[{\"@type\":\"ListItem\",\"position\":1,\"name\":\"Accueil\",\"item\":\"https:\\\/\\\/tempsdunepause.org\\\/\"},{\"@type\":\"ListItem\",\"position\":2,\"name\":\"Aphasie\"}]},{\"@type\":\"WebSite\",\"@id\":\"https:\\\/\\\/tempsdunepause.org\\\/#website\",\"url\":\"https:\\\/\\\/tempsdunepause.org\\\/\",\"name\":\"Le Temps d'une Pause\",\"description\":\"Ensemble pour vous et votre proche\",\"publisher\":{\"@id\":\"https:\\\/\\\/tempsdunepause.org\\\/#organization\"},\"potentialAction\":[{\"@type\":\"SearchAction\",\"target\":{\"@type\":\"EntryPoint\",\"urlTemplate\":\"https:\\\/\\\/tempsdunepause.org\\\/?s={search_term_string}\"},\"query-input\":{\"@type\":\"PropertyValueSpecification\",\"valueRequired\":true,\"valueName\":\"search_term_string\"}}],\"inLanguage\":\"en-CA\"},{\"@type\":\"Organization\",\"@id\":\"https:\\\/\\\/tempsdunepause.org\\\/#organization\",\"name\":\"Le Temps d'une Pause\",\"url\":\"https:\\\/\\\/tempsdunepause.org\\\/\",\"logo\":{\"@type\":\"ImageObject\",\"inLanguage\":\"en-CA\",\"@id\":\"https:\\\/\\\/tempsdunepause.org\\\/#\\\/schema\\\/logo\\\/image\\\/\",\"url\":\"https:\\\/\\\/tempsdunepause.org\\\/wp-content\\\/uploads\\\/2023\\\/07\\\/le-temps-dune-pause-favicon.png\",\"contentUrl\":\"https:\\\/\\\/tempsdunepause.org\\\/wp-content\\\/uploads\\\/2023\\\/07\\\/le-temps-dune-pause-favicon.png\",\"width\":508,\"height\":508,\"caption\":\"Le Temps d'une Pause\"},\"image\":{\"@id\":\"https:\\\/\\\/tempsdunepause.org\\\/#\\\/schema\\\/logo\\\/image\\\/\"},\"sameAs\":[\"https:\\\/\\\/www.facebook.com\\\/ltdporg\\\/\",\"https:\\\/\\\/www.linkedin.com\\\/company\\\/temps-d-une-pause\\\/?originalSubdomain=ca\"]},{\"@type\":\"Person\",\"@id\":\"https:\\\/\\\/tempsdunepause.org\\\/#\\\/schema\\\/person\\\/f4579748feaaf1ad8a505199aa871161\",\"name\":\"alanisbedard\",\"image\":{\"@type\":\"ImageObject\",\"inLanguage\":\"en-CA\",\"@id\":\"https:\\\/\\\/secure.gravatar.com\\\/avatar\\\/c193f6e6b9ca25ddd6af3a88cee1cbc684b31b9695c2924b164a3f32fe69b8de?s=96&d=mm&r=g\",\"url\":\"https:\\\/\\\/secure.gravatar.com\\\/avatar\\\/c193f6e6b9ca25ddd6af3a88cee1cbc684b31b9695c2924b164a3f32fe69b8de?s=96&d=mm&r=g\",\"contentUrl\":\"https:\\\/\\\/secure.gravatar.com\\\/avatar\\\/c193f6e6b9ca25ddd6af3a88cee1cbc684b31b9695c2924b164a3f32fe69b8de?s=96&d=mm&r=g\",\"caption\":\"alanisbedard\"},\"sameAs\":[\"https:\\\/\\\/tempsdunepause.org\"],\"url\":\"https:\\\/\\\/tempsdunepause.org\\\/eng\\\/author\\\/alanisbedard\\\/\"}]}<\/script>\n<!-- \/ Yoast SEO plugin. -->","yoast_head_json":{"title":"Aphasie - Le Temps d&#039;une Pause","robots":{"index":"index","follow":"follow","max-snippet":"max-snippet:-1","max-image-preview":"max-image-preview:large","max-video-preview":"max-video-preview:-1"},"canonical":"https:\/\/tempsdunepause.org\/eng\/ressources\/aphasie\/","og_locale":"en_US","og_type":"article","og_title":"Aphasie - Le Temps d&#039;une Pause","og_url":"https:\/\/tempsdunepause.org\/eng\/ressources\/aphasie\/","og_site_name":"Le Temps d&#039;une Pause","article_publisher":"https:\/\/www.facebook.com\/ltdporg\/","article_published_time":"2023-07-24T20:47:58+00:00","article_modified_time":"2024-01-11T22:16:05+00:00","og_image":[{"width":1344,"height":896,"url":"https:\/\/tempsdunepause.org\/wp-content\/uploads\/2024\/01\/DLL_6477.jpg","type":"image\/jpeg"}],"author":"alanisbedard","twitter_card":"summary_large_image","twitter_misc":{"Written by":"alanisbedard","Est. reading time":"2 minutes"},"schema":{"@context":"https:\/\/schema.org","@graph":[{"@type":"Article","@id":"https:\/\/tempsdunepause.org\/ressources\/aphasie\/#article","isPartOf":{"@id":"https:\/\/tempsdunepause.org\/ressources\/aphasie\/"},"author":{"name":"alanisbedard","@id":"https:\/\/tempsdunepause.org\/#\/schema\/person\/f4579748feaaf1ad8a505199aa871161"},"headline":"Aphasie","datePublished":"2023-07-24T20:47:58+00:00","dateModified":"2024-01-11T22:16:05+00:00","mainEntityOfPage":{"@id":"https:\/\/tempsdunepause.org\/ressources\/aphasie\/"},"wordCount":394,"publisher":{"@id":"https:\/\/tempsdunepause.org\/#organization"},"image":{"@id":"https:\/\/tempsdunepause.org\/ressources\/aphasie\/#primaryimage"},"thumbnailUrl":"https:\/\/tempsdunepause.org\/wp-content\/uploads\/2024\/01\/DLL_6477.jpg","articleSection":["Fiches Pratiques","Maladie"],"inLanguage":"en-CA"},{"@type":"WebPage","@id":"https:\/\/tempsdunepause.org\/ressources\/aphasie\/","url":"https:\/\/tempsdunepause.org\/ressources\/aphasie\/","name":"Aphasie - Le Temps d&#039;une Pause","isPartOf":{"@id":"https:\/\/tempsdunepause.org\/#website"},"primaryImageOfPage":{"@id":"https:\/\/tempsdunepause.org\/ressources\/aphasie\/#primaryimage"},"image":{"@id":"https:\/\/tempsdunepause.org\/ressources\/aphasie\/#primaryimage"},"thumbnailUrl":"https:\/\/tempsdunepause.org\/wp-content\/uploads\/2024\/01\/DLL_6477.jpg","datePublished":"2023-07-24T20:47:58+00:00","dateModified":"2024-01-11T22:16:05+00:00","breadcrumb":{"@id":"https:\/\/tempsdunepause.org\/ressources\/aphasie\/#breadcrumb"},"inLanguage":"en-CA","potentialAction":[{"@type":"ReadAction","target":["https:\/\/tempsdunepause.org\/ressources\/aphasie\/"]}]},{"@type":"ImageObject","inLanguage":"en-CA","@id":"https:\/\/tempsdunepause.org\/ressources\/aphasie\/#primaryimage","url":"https:\/\/tempsdunepause.org\/wp-content\/uploads\/2024\/01\/DLL_6477.jpg","contentUrl":"https:\/\/tempsdunepause.org\/wp-content\/uploads\/2024\/01\/DLL_6477.jpg","width":1344,"height":896,"caption":"Lecture d'une chanson de No\u00ebl s'appellant \u00ab Valse de no\u00ebl \u00bb"},{"@type":"BreadcrumbList","@id":"https:\/\/tempsdunepause.org\/ressources\/aphasie\/#breadcrumb","itemListElement":[{"@type":"ListItem","position":1,"name":"Accueil","item":"https:\/\/tempsdunepause.org\/"},{"@type":"ListItem","position":2,"name":"Aphasie"}]},{"@type":"WebSite","@id":"https:\/\/tempsdunepause.org\/#website","url":"https:\/\/tempsdunepause.org\/","name":"Le Temps d'une Pause","description":"Ensemble pour vous et votre proche","publisher":{"@id":"https:\/\/tempsdunepause.org\/#organization"},"potentialAction":[{"@type":"SearchAction","target":{"@type":"EntryPoint","urlTemplate":"https:\/\/tempsdunepause.org\/?s={search_term_string}"},"query-input":{"@type":"PropertyValueSpecification","valueRequired":true,"valueName":"search_term_string"}}],"inLanguage":"en-CA"},{"@type":"Organization","@id":"https:\/\/tempsdunepause.org\/#organization","name":"Le Temps d'une Pause","url":"https:\/\/tempsdunepause.org\/","logo":{"@type":"ImageObject","inLanguage":"en-CA","@id":"https:\/\/tempsdunepause.org\/#\/schema\/logo\/image\/","url":"https:\/\/tempsdunepause.org\/wp-content\/uploads\/2023\/07\/le-temps-dune-pause-favicon.png","contentUrl":"https:\/\/tempsdunepause.org\/wp-content\/uploads\/2023\/07\/le-temps-dune-pause-favicon.png","width":508,"height":508,"caption":"Le Temps d'une Pause"},"image":{"@id":"https:\/\/tempsdunepause.org\/#\/schema\/logo\/image\/"},"sameAs":["https:\/\/www.facebook.com\/ltdporg\/","https:\/\/www.linkedin.com\/company\/temps-d-une-pause\/?originalSubdomain=ca"]},{"@type":"Person","@id":"https:\/\/tempsdunepause.org\/#\/schema\/person\/f4579748feaaf1ad8a505199aa871161","name":"alanisbedard","image":{"@type":"ImageObject","inLanguage":"en-CA","@id":"https:\/\/secure.gravatar.com\/avatar\/c193f6e6b9ca25ddd6af3a88cee1cbc684b31b9695c2924b164a3f32fe69b8de?s=96&d=mm&r=g","url":"https:\/\/secure.gravatar.com\/avatar\/c193f6e6b9ca25ddd6af3a88cee1cbc684b31b9695c2924b164a3f32fe69b8de?s=96&d=mm&r=g","contentUrl":"https:\/\/secure.gravatar.com\/avatar\/c193f6e6b9ca25ddd6af3a88cee1cbc684b31b9695c2924b164a3f32fe69b8de?s=96&d=mm&r=g","caption":"alanisbedard"},"sameAs":["https:\/\/tempsdunepause.org"],"url":"https:\/\/tempsdunepause.org\/eng\/author\/alanisbedard\/"}]}},"_links":{"self":[{"href":"https:\/\/tempsdunepause.org\/eng\/wp-json\/wp\/v2\/posts\/338","targetHints":{"allow":["GET"]}}],"collection":[{"href":"https:\/\/tempsdunepause.org\/eng\/wp-json\/wp\/v2\/posts"}],"about":[{"href":"https:\/\/tempsdunepause.org\/eng\/wp-json\/wp\/v2\/types\/post"}],"author":[{"embeddable":true,"href":"https:\/\/tempsdunepause.org\/eng\/wp-json\/wp\/v2\/users\/1"}],"replies":[{"embeddable":true,"href":"https:\/\/tempsdunepause.org\/eng\/wp-json\/wp\/v2\/comments?post=338"}],"version-history":[{"count":14,"href":"https:\/\/tempsdunepause.org\/eng\/wp-json\/wp\/v2\/posts\/338\/revisions"}],"predecessor-version":[{"id":1357,"href":"https:\/\/tempsdunepause.org\/eng\/wp-json\/wp\/v2\/posts\/338\/revisions\/1357"}],"wp:featuredmedia":[{"embeddable":true,"href":"https:\/\/tempsdunepause.org\/eng\/wp-json\/wp\/v2\/media\/1276"}],"wp:attachment":[{"href":"https:\/\/tempsdunepause.org\/eng\/wp-json\/wp\/v2\/media?parent=338"}],"wp:term":[{"taxonomy":"category","embeddable":true,"href":"https:\/\/tempsdunepause.org\/eng\/wp-json\/wp\/v2\/categories?post=338"},{"taxonomy":"post_tag","embeddable":true,"href":"https:\/\/tempsdunepause.org\/eng\/wp-json\/wp\/v2\/tags?post=338"}],"curies":[{"name":"wp","href":"https:\/\/api.w.org\/{rel}","templated":true}]}}